{"id":103899,"date":"2023-07-14T08:48:19","date_gmt":"2023-07-14T06:48:19","guid":{"rendered":"https:\/\/dze-csv.it\/?p=103899"},"modified":"2023-07-14T13:33:18","modified_gmt":"2023-07-14T11:33:18","slug":"prime-impressioni-del-viaggio-di-studio-a-roma","status":"publish","type":"post","link":"https:\/\/dze-csv.it\/it\/portale-runts-e-5-per-mille-2\/","title":{"rendered":"Prime impressioni del viaggio di studio a Roma"},"content":{"rendered":"<div class=\"wpb-content-wrapper\"><p>[vc_row row_height_percent=&#8221;0&#8243; overlay_alpha=&#8221;50&#8243; gutter_size=&#8221;3&#8243; column_width_percent=&#8221;100&#8243; shift_y=&#8221;0&#8243; z_index=&#8221;0&#8243; medium_visibility=&#8221;yes&#8221; mobile_visibility=&#8221;yes&#8221; inverted_device_order=&#8221;yes&#8221;][vc_column width=&#8221;1\/1&#8243;][uncode_slider slider_interval=&#8221;5000&#8243; slider_navspeed=&#8221;400&#8243; slider_loop=&#8221;yes&#8221; slider_hide_arrows=&#8221;yes&#8221; slider_dot_position=&#8221;left&#8221; slider_dot_width=&#8221;limit&#8221; slider_width_percent=&#8221;100&#8243; h_padding=&#8221;2&#8243; slider_dot_align=&#8221;left&#8221;][vc_row_inner row_inner_height_percent=&#8221;100&#8243; back_color=&#8221;color-134241&#8243; overlay_alpha=&#8221;20&#8243; gutter_size=&#8221;4&#8243; shift_y=&#8221;0&#8243; z_index=&#8221;0&#8243; el_class=&#8221;versicherungsschutz&#8221; row_height_pixel=&#8221;400px&#8221;][vc_column_inner column_width_percent=&#8221;100&#8243; position_horizontal=&#8221;left&#8221; position_vertical=&#8221;bottom&#8221; gutter_size=&#8221;2&#8243; style=&#8221;dark&#8221; overlay_alpha=&#8221;50&#8243; shift_x=&#8221;0&#8243; shift_y=&#8221;0&#8243; shift_y_down=&#8221;0&#8243; z_index=&#8221;0&#8243; medium_width=&#8221;0&#8243; mobile_width=&#8221;0&#8243; css_animation=&#8221;right-t-left&#8221; zoom_width=&#8221;0&#8243; zoom_height=&#8221;0&#8243; width=&#8221;1\/1&#8243; css=&#8221;.vc_custom_1594366474544{padding-left: 36px !important;}&#8221;][vc_custom_heading heading_semantic=&#8221;h1&#8243; text_font=&#8221;font-255343&#8243; text_size=&#8221;fontsize-155944&#8243; text_weight=&#8221;200&#8243; text_space=&#8221;fontspace-781688&#8243; uncode_shortcode_id=&#8221;131895&#8243;]Prime impressioni del viaggio di studio a Roma del ciclo di formazione per dirigenti femminili del Terzo Settore[\/vc_custom_heading][vc_empty_space empty_h=&#8221;1&#8243;][vc_separator sep_color=&#8221;,Default&#8221;][\/vc_column_inner][\/vc_row_inner][\/uncode_slider][\/vc_column][\/vc_row][vc_row row_height_percent=&#8221;0&#8243; overlay_alpha=&#8221;50&#8243; gutter_size=&#8221;3&#8243; column_width_percent=&#8221;100&#8243; shift_y=&#8221;0&#8243; z_index=&#8221;0&#8243; desktop_visibility=&#8221;yes&#8221;][vc_column width=&#8221;1\/1&#8243;][uncode_slider slider_interval=&#8221;5000&#8243; slider_navspeed=&#8221;400&#8243; slider_loop=&#8221;yes&#8221; slider_hide_arrows=&#8221;yes&#8221; slider_dot_position=&#8221;left&#8221; slider_dot_width=&#8221;limit&#8221; slider_width_percent=&#8221;100&#8243; h_padding=&#8221;2&#8243; slider_dot_align=&#8221;left&#8221;][vc_row_inner row_inner_height_percent=&#8221;100&#8243; back_color=&#8221;color-134241&#8243; overlay_alpha=&#8221;20&#8243; gutter_size=&#8221;4&#8243; shift_y=&#8221;0&#8243; z_index=&#8221;0&#8243;][vc_column_inner column_width_percent=&#8221;100&#8243; position_horizontal=&#8221;left&#8221; position_vertical=&#8221;bottom&#8221; gutter_size=&#8221;2&#8243; style=&#8221;dark&#8221; overlay_alpha=&#8221;50&#8243; shift_x=&#8221;0&#8243; shift_y=&#8221;0&#8243; shift_y_down=&#8221;0&#8243; z_index=&#8221;0&#8243; medium_width=&#8221;0&#8243; mobile_width=&#8221;0&#8243; css_animation=&#8221;right-t-left&#8221; animation_delay=&#8221;600&#8243; zoom_width=&#8221;0&#8243; zoom_height=&#8221;0&#8243; width=&#8221;1\/1&#8243; css=&#8221;.vc_custom_1594366464284{padding-left: 2rem !important;}&#8221;][vc_separator sep_color=&#8221;,Default&#8221;][vc_custom_heading text_font=&#8221;font-255343&#8243; text_size=&#8221;fontsize-338686&#8243; text_weight=&#8221;200&#8243; text_space=&#8221;fontspace-781688&#8243; uncode_shortcode_id=&#8221;752284&#8243;]Prime impressioni del viaggio di studio a Roma del ciclo di formazione per dirigenti femminili del Terzo Settore[\/vc_custom_heading][vc_empty_space empty_h=&#8221;1&#8243;][vc_separator sep_color=&#8221;,Default&#8221;][\/vc_column_inner][\/vc_row_inner][\/uncode_slider][\/vc_column][\/vc_row][vc_row][vc_column column_width_percent=&#8221;80&#8243; gutter_size=&#8221;3&#8243; overlay_alpha=&#8221;50&#8243; shift_x=&#8221;0&#8243; shift_y=&#8221;0&#8243; shift_y_down=&#8221;0&#8243; z_index=&#8221;0&#8243; medium_width=&#8221;0&#8243; mobile_width=&#8221;0&#8243; css_animation=&#8221;left-t-right&#8221; width=&#8221;1\/3&#8243;][vc_empty_space empty_h=&#8221;2&#8243;][vc_separator sep_color=&#8221;color-134241&#8243;][vc_single_image media=&#8221;103920&#8243; media_width_percent=&#8221;100&#8243; shape=&#8221;img-round&#8221; shadow=&#8221;yes&#8221; shadow_weight=&#8221;sm&#8221; uncode_shortcode_id=&#8221;892264&#8243;][vc_single_image media=&#8221;103917&#8243; media_width_percent=&#8221;100&#8243; shape=&#8221;img-round&#8221; shadow=&#8221;yes&#8221; shadow_weight=&#8221;sm&#8221; uncode_shortcode_id=&#8221;143947&#8243;][vc_single_image media=&#8221;103914&#8243; media_width_percent=&#8221;100&#8243; shape=&#8221;img-round&#8221; shadow=&#8221;yes&#8221; shadow_weight=&#8221;sm&#8221; uncode_shortcode_id=&#8221;189472&#8243;][vc_single_image media=&#8221;103911&#8243; media_width_percent=&#8221;100&#8243; shape=&#8221;img-round&#8221; shadow=&#8221;yes&#8221; shadow_weight=&#8221;sm&#8221; uncode_shortcode_id=&#8221;250912&#8243;][vc_single_image media=&#8221;103908&#8243; media_width_percent=&#8221;100&#8243; shape=&#8221;img-round&#8221; shadow=&#8221;yes&#8221; shadow_weight=&#8221;sm&#8221; uncode_shortcode_id=&#8221;383855&#8243;][vc_single_image media=&#8221;103905&#8243; media_width_percent=&#8221;100&#8243; shape=&#8221;img-round&#8221; shadow=&#8221;yes&#8221; shadow_weight=&#8221;sm&#8221; uncode_shortcode_id=&#8221;745713&#8243;][\/vc_column][vc_column column_width_percent=&#8221;100&#8243; gutter_size=&#8221;3&#8243; overlay_alpha=&#8221;50&#8243; shift_x=&#8221;0&#8243; shift_y=&#8221;0&#8243; shift_y_down=&#8221;0&#8243; z_index=&#8221;0&#8243; medium_width=&#8221;0&#8243; mobile_width=&#8221;0&#8243; css_animation=&#8221;right-t-left&#8221; width=&#8221;2\/3&#8243;][vc_empty_space empty_h=&#8221;2&#8243;][vc_separator sep_color=&#8221;color-wvjs&#8221;][vc_column_text uncode_shortcode_id=&#8221;133652&#8243;]<\/p>\n<p class=\"x_MsoNormal\"><strong>Le donne leader del terzo settore\u00a0<span lang=\"IT\">si concentrano sul networking di successo<\/span><\/strong><\/p>\n<p class=\"x_MsoNormal\"><span lang=\"IT\">La riforma del terzo settore offre importanti spazi per rafforzare le sinergie tra il mondo dell&#8217;associazionismo e le istituzioni di formazione Non \u00e8 quindi un caso che la professoressa Vanessa Macchia, esperta di inclusione e delle relative tematiche scientifiche presso l&#8217;Universit\u00e0 di Bolzano\/Bressanone e vicepresidente del Centro di Servizio per il Volontariato Alto Adige, sia stata determinante anche nell&#8217;attivare il primo ciclo di formazione in Alto Adige per la dirigenza femminile del terzo settore. <\/span><\/p>\n<p class=\"x_MsoNormal\"><span lang=\"IT\">Durante un viaggio di studio congiunto a Roma con alcune entusiaste partecipanti al nuovo programma di formazione e aggiornamento, specifico per le donne impegnate nel settore del volontariato, sotto la guida della prof.ssa Macchia \u00e8 stato possibile garantire un importante scambio su questioni riguardanti gli effetti della riforma del terzo settore, tra l&#8217;altro con la senatrice Julia Unterberger e soprattutto con il Direttore Generale del Terzo Settore del Ministero del Lavoro Alessandro Lombardi. <\/span><\/p>\n<p class=\"x_MsoNormal\"><span lang=\"IT\">Non si \u00e8 discusso solo dei nuovi requisiti con i relativi &#8220;problemi iniziali&#8221;, che fanno parte di ogni cambiamento e sono simili per le migliaia di organizzazioni interessate a livello statale. Si \u00e8 parlato anche delle possibilit\u00e0 pratiche che il settore non profit pu\u00f2 sfruttare nel contesto delle nuove forme contrattuali attraverso la &#8220;coprogrammazione e la coprogettazione&#8221;, non da ultimo nel settore dell&#8217;istruzione. Vanessa Macchia ha sottolineato che queste condizioni sono fondamentali per avviare progetti interessanti per i futuri volontari. Solo coinvolgendo strutture partner motivate e provenienti dall&#8217;intero contesto sociale si pu\u00f2 riuscire a mantenere gli elevati standard di attivit\u00e0 qualificate nel volontariato in questo Paese. <\/span><\/p>\n<p class=\"x_MsoNormal\"><span lang=\"IT\">La vicepresidente del CSV Alto Adige ha inoltre ringraziato Luisa Gnecchi che, in qualit\u00e0 di membro del Consiglio direttivo del Centro Servizi per il Volontariato Alto Adige, funge da referente competente, tra l&#8217;altro, per le tematiche specifiche delle donne nella vita professionale di tutti i giorni, come ad esempio i chiarimenti sulla previdenza sociale.<\/span><span lang=\"IT\">\u00a0<\/span><\/p>\n<p class=\"x_MsoNormal\"><span lang=\"IT\">Immagini allegate:<\/span><\/p>\n<p class=\"x_MsoNormal\"><span lang=\"IT\">Impressioni sul dibattito tra Vanessa Macchia, a capo della delegazione altoatesina, e il Direttore Generale del Terzo Settore, Alessandro Lombardi<\/span><\/p>\n<p class=\"x_MsoNormal\"><span lang=\"IT\">Pietro Patton, Luisa Gnecchi, Vanessa Macchia, Julia Unterberger e Luigi Spagnolli<\/span><\/p>\n<p>[\/vc_column_text][\/vc_column][\/vc_row][vc_row][vc_column width=&#8221;1\/1&#8243;][vc_empty_space empty_h=&#8221;3&#8243;][\/vc_column][\/vc_row]<\/p>\n<\/div>","protected":false},"excerpt":{"rendered":"<p>[vc_row row_height_percent=&#8221;0&#8243; overlay_alpha=&#8221;50&#8243; gutter_size=&#8221;3&#8243; column_width_percent=&#8221;100&#8243; shift_y=&#8221;0&#8243; z_index=&#8221;0&#8243; medium_visibility=&#8221;yes&#8221; mobile_visibility=&#8221;yes&#8221; inverted_device_order=&#8221;yes&#8221;][vc_column width=&#8221;1\/1&#8243;][uncode_slider slider_interval=&#8221;5000&#8243; slider_navspeed=&#8221;400&#8243; slider_loop=&#8221;yes&#8221; slider_hide_arrows=&#8221;yes&#8221; slider_dot_position=&#8221;left&#8221; slider_dot_width=&#8221;limit&#8221; slider_width_percent=&#8221;100&#8243; h_padding=&#8221;2&#8243; slider_dot_align=&#8221;left&#8221;][vc_row_inner [&hellip;]<\/p>\n","protected":false},"author":3,"featured_media":103920,"comment_status":"closed","ping_status":"closed","sticky":false,"template":"","format":"standard","meta":{"_acf_changed":false,"footnotes":""},"categories":[94,161],"tags":[],"class_list":["post-103899","post","type-post","status-publish","format-standard","has-post-thumbnail","hentry","category-volontariato","category-geschaeftsleben-it"],"acf":[],"_links":{"self":[{"href":"https:\/\/dze-csv.it\/it\/wp-json\/wp\/v2\/posts\/103899","targetHints":{"allow":["GET"]}}],"collection":[{"href":"https:\/\/dze-csv.it\/it\/wp-json\/wp\/v2\/posts"}],"about":[{"href":"https:\/\/dze-csv.it\/it\/wp-json\/wp\/v2\/types\/post"}],"author":[{"embeddable":true,"href":"https:\/\/dze-csv.it\/it\/wp-json\/wp\/v2\/users\/3"}],"replies":[{"embeddable":true,"href":"https:\/\/dze-csv.it\/it\/wp-json\/wp\/v2\/comments?post=103899"}],"version-history":[{"count":3,"href":"https:\/\/dze-csv.it\/it\/wp-json\/wp\/v2\/posts\/103899\/revisions"}],"predecessor-version":[{"id":103927,"href":"https:\/\/dze-csv.it\/it\/wp-json\/wp\/v2\/posts\/103899\/revisions\/103927"}],"wp:featuredmedia":[{"embeddable":true,"href":"https:\/\/dze-csv.it\/it\/wp-json\/wp\/v2\/media\/103920"}],"wp:attachment":[{"href":"https:\/\/dze-csv.it\/it\/wp-json\/wp\/v2\/media?parent=103899"}],"wp:term":[{"taxonomy":"category","embeddable":true,"href":"https:\/\/dze-csv.it\/it\/wp-json\/wp\/v2\/categories?post=103899"},{"taxonomy":"post_tag","embeddable":true,"href":"https:\/\/dze-csv.it\/it\/wp-json\/wp\/v2\/tags?post=103899"}],"curies":[{"name":"wp","href":"https:\/\/api.w.org\/{rel}","templated":true}]}}